

{"id":18457,"date":"2026-04-22T17:25:30","date_gmt":"2026-04-22T15:25:30","guid":{"rendered":"https:\/\/www.galleriabazzanti.it\/la-porta-bronzea-di-benevento\/"},"modified":"2026-04-28T15:55:18","modified_gmt":"2026-04-28T13:55:18","slug":"la-porta-bronzea-di-benevento","status":"publish","type":"post","link":"https:\/\/www.galleriabazzanti.it\/en\/la-porta-bronzea-di-benevento\/","title":{"rendered":"THE BRONZE DOOR OF BENEVENTO"},"content":{"rendered":"<p>[vc_row full_width=&#8221;stretch_row&#8221; css=&#8221;.vc_custom_1774948692657{padding-top: 300px !important;padding-bottom: 300px !important;background-image: url(https:\/\/www.galleriabazzanti.it\/wp-content\/uploads\/2026\/03\/blog-porta-benevento-00-sfondo.jpg?id=18351) !important;}&#8221;][vc_column][\/vc_column][\/vc_row][vc_row full_width=&#8221;stretch_row&#8221;][vc_column][vc_custom_heading text=&#8221;THE BRONZE DOOR OF BENEVENTO&#8221; font_container=&#8221;tag:h1|text_align:left&#8221; use_theme_fonts=&#8221;yes&#8221; el_class=&#8221;titolo-articolo&#8221;][vc_empty_space][vc_column_text]<\/p>\n<p align=\"justify\">The bombing of Benevento in 1943 completely destroyed the Cathedral, and even the medieval bronze door was reduced to fragments. The 1990 restoration, after extensive reconstruction work, allowed the bronze panels to be reassembled and restored, thus reconstructing the cathedral.<br \/>\n[Photos 1, 2, 3, 4, 5, 6, 7]<\/p>\n<p>[\/vc_column_text][vc_images_carousel images=&#8221;18357&#8243; img_size=&#8221;post-slide&#8221; hide_pagination_control=&#8221;yes&#8221; hide_prev_next_buttons=&#8221;yes&#8221;][vc_column_text css=&#8221;.vc_custom_1777384292618{margin-top: -30px !important;}&#8221;]<\/p>\n<table>\n<tbody>\n<tr>\n<td>1 &#8211; The cathedral before 1943<\/td>\n<td>2 &#8211; The cathedral before 1943<\/td>\n<\/tr>\n<\/tbody>\n<\/table>\n<p>[\/vc_column_text][vc_images_carousel images=&#8221;18362&#8243; img_size=&#8221;post-slide&#8221; hide_pagination_control=&#8221;yes&#8221; hide_prev_next_buttons=&#8221;yes&#8221;][vc_column_text css=&#8221;.vc_custom_1777384445359{margin-top: -30px !important;}&#8221;]<\/p>\n<table>\n<tbody>\n<tr>\n<td width=\"70%;&quot;\">3 &#8211; A. Vianelli (1803-1894), Facade of the Cathedral of Benevento, Museum of Sannio<\/td>\n<td>4 &#8211; The Cathedral Door before 1871<\/td>\n<\/tr>\n<\/tbody>\n<\/table>\n<p>[\/vc_column_text][vc_images_carousel images=&#8221;18368&#8243; img_size=&#8221;post-slide&#8221; hide_pagination_control=&#8221;yes&#8221; hide_prev_next_buttons=&#8221;yes&#8221;][vc_column_text css=&#8221;.vc_custom_1777384493047{margin-top: -30px !important;}&#8221;]<\/p>\n<table>\n<tbody>\n<tr>\n<td>5 &#8211; The Cathedral Door before the 1930s<\/td>\n<td>6 &#8211; The cathedral after the bombings of 1943<\/td>\n<\/tr>\n<\/tbody>\n<\/table>\n<p>[\/vc_column_text][vc_images_carousel images=&#8221;18375&#8243; img_size=&#8221;post-slide&#8221; hide_pagination_control=&#8221;yes&#8221; hide_prev_next_buttons=&#8221;yes&#8221;][vc_column_text css=&#8221;.vc_custom_1777384511639{margin-top: -30px !important;}&#8221;]<\/p>\n<p style=\"text-align: center;\">7 &#8211; The reconstruction of the panels after the bombing<\/p>\n<p>[\/vc_column_text][vc_column_text]<\/p>\n<p align=\"justify\">Il restauro ha anche evidenziato che una formella della porta contenete l\u2019effige del vescovo di Lesina nascondeva al di sotto di un\u2019abrasione il nome Errico riferito all\u2019arcivescovo di Benevento reggente dal 1157 al 1170; e quindi l\u2019altra formella che si credeva rappresentare il presunto arcivescovo beneventano in cattedra, in realt\u00e0 rappresenta il Papa. Questa scoperta ha portato ha datare la porta (o almeno una sua gran parte) al 1156. [Foto 8]<\/p>\n<p>[\/vc_column_text][vc_images_carousel images=&#8221;18382&#8243; img_size=&#8221;post-slide&#8221; hide_pagination_control=&#8221;yes&#8221; hide_prev_next_buttons=&#8221;yes&#8221;][vc_column_text css=&#8221;.vc_custom_1776848434943{margin-top: -30px !important;}&#8221;]<\/p>\n<p style=\"text-align: center;\">8 &#8211; Papa Adriano IV consacra il Vescovo Errico<\/p>\n<p>[\/vc_column_text][vc_column_text]<\/p>\n<p align=\"justify\">La porta \u00e8 formata da 72 formelle, ha dimensioni notevolissime, alta 4,60 metri e larga 3,23 metri ed \u00e8 la pi\u00f9 grande d\u2019Europa di questa tipologia. Entrambi i battenti sono divisi in registri orizzontali ognuno di 8 formelle rettangolari della stessa dimensione di 27,5 x 40 cm.<br \/>\nLe formelle sono fissate ad una potente anima di legno tramite le cornici decorate con ovoli che le circondano, e le fermano, queste bloccate da chiodi con la testa a protome di fiore.<br \/>\nEntrambe le ante hanno due protomi reggi anello, una di grifo e una di leone. [Foto 9, 10, 11, 12, 13, 14, 15, 16, 17, 18]<\/p>\n<p>[\/vc_column_text][vc_images_carousel images=&#8221;18387&#8243; img_size=&#8221;post-slide&#8221; hide_pagination_control=&#8221;yes&#8221; hide_prev_next_buttons=&#8221;yes&#8221;][vc_column_text css=&#8221;.vc_custom_1776848531657{margin-top: -30px !important;}&#8221;]<\/p>\n<table>\n<tbody>\n<tr>\n<td width=\"65%;&quot;\">9 &#8211; Visita papale alla Porta<\/td>\n<td>10 &#8211; Formelle originali prima del bombardamento<\/td>\n<\/tr>\n<\/tbody>\n<\/table>\n<p>[\/vc_column_text][vc_images_carousel images=&#8221;18393&#8243; img_size=&#8221;post-slide&#8221; hide_pagination_control=&#8221;yes&#8221; hide_prev_next_buttons=&#8221;yes&#8221;][vc_column_text css=&#8221;.vc_custom_1776848554047{margin-top: -30px !important;}&#8221;]<\/p>\n<table>\n<tbody>\n<tr>\n<td style=\"text-align: center;\" width=\"65%;&quot;\">11 &#8211; Formelle originali prima del bombardamento<\/td>\n<td>12 &#8211; Formelle originali prima del bombardamento<\/td>\n<\/tr>\n<\/tbody>\n<\/table>\n<p>[\/vc_column_text][vc_images_carousel images=&#8221;18416&#8243; img_size=&#8221;post-slide&#8221; hide_pagination_control=&#8221;yes&#8221; hide_prev_next_buttons=&#8221;yes&#8221;][vc_column_text css=&#8221;.vc_custom_1776848698063{margin-top: -30px !important;}&#8221;]<\/p>\n<p style=\"text-align: center;\">13 &#8211; formelle con le protomi di leone e di grifo<\/p>\n<p>[\/vc_column_text][vc_images_carousel images=&#8221;18419&#8243; img_size=&#8221;post-slide&#8221; hide_pagination_control=&#8221;yes&#8221; hide_prev_next_buttons=&#8221;yes&#8221;][vc_column_text css=&#8221;.vc_custom_1776848628840{margin-top: -30px !important;}&#8221;]<\/p>\n<table>\n<tbody>\n<tr>\n<td style=\"text-align: center;\" width=\"65%;&quot;\">14 &#8211; formella con l&#8217;annuncio ai pastori recuperata dopo il bombardamento<\/td>\n<td>15 &#8211; formella con la discesa di Gesu\u0300 al limbo<\/td>\n<\/tr>\n<\/tbody>\n<\/table>\n<p>[\/vc_column_text][vc_images_carousel images=&#8221;18423&#8243; img_size=&#8221;post-slide&#8221; hide_pagination_control=&#8221;yes&#8221; hide_prev_next_buttons=&#8221;yes&#8221;][vc_column_text css=&#8221;.vc_custom_1776848778175{margin-top: -30px !important;}&#8221;]<\/p>\n<table>\n<tbody>\n<tr>\n<td style=\"text-align: center;\" width=\"65%;&quot;\">16 &#8211; formella con l&#8217; ascensione<\/td>\n<td>17 &#8211; Protome di grifo reggi anello<\/td>\n<\/tr>\n<\/tbody>\n<\/table>\n<p>[\/vc_column_text][vc_images_carousel images=&#8221;18426&#8243; img_size=&#8221;post-slide&#8221; hide_pagination_control=&#8221;yes&#8221; hide_prev_next_buttons=&#8221;yes&#8221;][vc_column_text css=&#8221;.vc_custom_1776848808008{margin-top: -30px !important;}&#8221;]<\/p>\n<p style=\"text-align: center;\">18 &#8211; formelle con la storia dei magi e l&#8217;inizio della vita pubblica di Ges\u00f9<\/p>\n<p>[\/vc_column_text][vc_column_text]<\/p>\n<p align=\"justify\">Le formelle, fuse a cera persa, sono in bassorilievo, alcune anche con molte parti in forte altorilievo parzialmente staccate dal fondo, dei gruppi di personaggi sembrano derivare dal teatro religioso delle sacre rappresentazioni del XI-XII secolo.<br \/>\nIl loro stile bench\u00e9 ancora romanico, \u00e8 particolare: i dettagli di alcuni personaggi sono molto accurati, i movimenti, le pose e le composizioni con i relativi sfondi e le architetture sono \u201cmoderne\u201d rispetto allo stile romanico.<br \/>\nLe prime cinque file della parte superiore della porta presentano temi tratti dai Vangeli canonici, da quelli Apocrifi e dagli atti degli Apostoli. Non ci sono temi relativi al Vecchio Testamento, n\u00e9 rappresentazioni di profeti, apostoli o santi. Nelle altre quattro file in basso ci sono solo tre formelle che prendono spunto dai Vangeli. Le restanti rappresentano il papa in cattedra che consacra un vescovo. Seguono l\u2019 arcivescovo di Benevento Errico, i 23 vescovi suoi suffraganei, e 4 protomi con reggi anello con le teste di leone e di grifo.<br \/>\n[Foto 19,20,21,22]<\/p>\n<p>[\/vc_column_text][vc_images_carousel images=&#8221;18436&#8243; img_size=&#8221;post-slide&#8221; hide_pagination_control=&#8221;yes&#8221; hide_prev_next_buttons=&#8221;yes&#8221;][vc_column_text css=&#8221;.vc_custom_1776851186851{margin-top: -30px !important;}&#8221;]<\/p>\n<table>\n<tbody>\n<tr>\n<td style=\"text-align: center;\" width=\"65%;&quot;\">19 &#8211; formella dei Magi davanti a Erode<\/td>\n<td>20 &#8211; formella dei Magi davanti a Erode, dettaglio<\/td>\n<\/tr>\n<\/tbody>\n<\/table>\n<p>[\/vc_column_text][vc_images_carousel images=&#8221;18440&#8243; img_size=&#8221;post-slide&#8221; hide_pagination_control=&#8221;yes&#8221; hide_prev_next_buttons=&#8221;yes&#8221;][vc_column_text css=&#8221;.vc_custom_1776851549685{margin-top: -30px !important;}&#8221;]<\/p>\n<table>\n<tbody>\n<tr>\n<td style=\"text-align: center;\" width=\"65%;&quot;\">21 &#8211; formella dei Magi davanti a Erode, dettaglio<\/td>\n<td>22 &#8211; formella con l&#8217; Annunciazione<\/td>\n<\/tr>\n<\/tbody>\n<\/table>\n<p>[\/vc_column_text][vc_empty_space][vc_btn title=&#8221;TUTTE LE NEWS&#8221; style=&#8221;outline&#8221; shape=&#8221;square&#8221; color=&#8221;primary&#8221; align=&#8221;center&#8221; link=&#8221;url:https%3A%2F%2Fwww.galleriabazzanti.it%2Fnews-magazine%2F&#8221;][\/vc_column][\/vc_row]<\/p>\n","protected":false},"excerpt":{"rendered":"<p>[vc_row full_width=&#8221;stretch_row&#8221; css=&#8221;.vc_custom_1774948692657{padding-top: 300px !important;padding-bottom: 300px !important;background-image: url(https:\/\/www.galleriabazzanti.it\/wp-content\/uploads\/2026\/03\/blog-porta-benevento-00-sfondo.jpg?id=18351) !important;}&#8221;][vc_column][\/vc_column][\/vc_row][vc_row full_width=&#8221;stretch_row&#8221;][vc_column][vc_custom_heading text=&#8221;THE BRONZE DOOR OF BENEVENTO&#8221; font_container=&#8221;tag:h1|text_align:left&#8221; use_theme_fonts=&#8221;yes&#8221; el_class=&#8221;titolo-articolo&#8221;][vc_empty_space][vc_column_text] The bombing of Benevento in 1943 completely destroyed the Cathedral, and even the medieval bronze door was reduced to fragments. The 1990 restoration, after extensive reconstruction work, allowed the bronze panels to be reassembled and restored, thus [&hellip;]<\/p>\n","protected":false},"author":1,"featured_media":18376,"comment_status":"closed","ping_status":"open","sticky":false,"template":"single-articolo.php","format":"standard","meta":{"footnotes":""},"categories":[33],"tags":[],"class_list":["post-18457","post","type-post","status-publish","format-standard","has-post-thumbnail","hentry","category-senza-categoria-en"],"acf":[],"yoast_head":"<!-- This site is optimized with the Yoast SEO plugin v19.9 - https:\/\/yoast.com\/wordpress\/plugins\/seo\/ -->\n<title>THE BRONZE DOOR OF BENEVENTO - Galleria Bazzanti Firenze<\/title>\n<meta name=\"description\" content=\"La porta di bronzo del Duomo di Benevento, un&#039;altra meraviglia dell&#039;arte scultorea e monumentale. Una fusione medievale meravigliosa\" \/>\n<meta name=\"robots\" content=\"index, follow, max-snippet:-1, max-image-preview:large, max-video-preview:-1\" \/>\n<link rel=\"canonical\" href=\"https:\/\/www.galleriabazzanti.it\/en\/la-porta-bronzea-di-benevento\/\" \/>\n<meta property=\"og:locale\" content=\"en_US\" \/>\n<meta property=\"og:type\" content=\"article\" \/>\n<meta property=\"og:title\" content=\"THE BRONZE DOOR OF BENEVENTO - Galleria Bazzanti Firenze\" \/>\n<meta property=\"og:description\" content=\"La porta di bronzo del Duomo di Benevento, un&#039;altra meraviglia dell&#039;arte scultorea e monumentale. Una fusione medievale meravigliosa\" \/>\n<meta property=\"og:url\" content=\"https:\/\/www.galleriabazzanti.it\/en\/la-porta-bronzea-di-benevento\/\" \/>\n<meta property=\"og:site_name\" content=\"Bazzanti Art Gallery Florence\" \/>\n<meta property=\"article:published_time\" content=\"2026-04-22T15:25:30+00:00\" \/>\n<meta property=\"article:modified_time\" content=\"2026-04-28T13:55:18+00:00\" \/>\n<meta property=\"og:image\" content=\"https:\/\/www.galleriabazzanti.it\/wp-content\/uploads\/2026\/04\/blog-porta-benevento-04.jpg\" \/>\n\t<meta property=\"og:image:width\" content=\"1140\" \/>\n\t<meta property=\"og:image:height\" content=\"500\" \/>\n\t<meta property=\"og:image:type\" content=\"image\/jpeg\" \/>\n<meta name=\"author\" content=\"galleriabazzanti\" \/>\n<meta name=\"twitter:card\" content=\"summary_large_image\" \/>\n<meta name=\"twitter:label1\" content=\"Written by\" \/>\n\t<meta name=\"twitter:data1\" content=\"galleriabazzanti\" \/>\n\t<meta name=\"twitter:label2\" content=\"Est. reading time\" \/>\n\t<meta name=\"twitter:data2\" content=\"4 minutes\" \/>\n<script type=\"application\/ld+json\" class=\"yoast-schema-graph\">{\"@context\":\"https:\/\/schema.org\",\"@graph\":[{\"@type\":\"Article\",\"@id\":\"https:\/\/www.galleriabazzanti.it\/en\/la-porta-bronzea-di-benevento\/#article\",\"isPartOf\":{\"@id\":\"https:\/\/www.galleriabazzanti.it\/en\/la-porta-bronzea-di-benevento\/\"},\"author\":{\"name\":\"galleriabazzanti\",\"@id\":\"https:\/\/www.galleriabazzanti.it\/#\/schema\/person\/f8cf52bd1ae440b71301bc79b6affd5d\"},\"headline\":\"THE BRONZE DOOR OF BENEVENTO\",\"datePublished\":\"2026-04-22T15:25:30+00:00\",\"dateModified\":\"2026-04-28T13:55:18+00:00\",\"mainEntityOfPage\":{\"@id\":\"https:\/\/www.galleriabazzanti.it\/en\/la-porta-bronzea-di-benevento\/\"},\"wordCount\":1026,\"publisher\":{\"@id\":\"https:\/\/www.galleriabazzanti.it\/#organization\"},\"articleSection\":[\"Senza categoria @en\"],\"inLanguage\":\"en-US\"},{\"@type\":\"WebPage\",\"@id\":\"https:\/\/www.galleriabazzanti.it\/en\/la-porta-bronzea-di-benevento\/\",\"url\":\"https:\/\/www.galleriabazzanti.it\/en\/la-porta-bronzea-di-benevento\/\",\"name\":\"THE BRONZE DOOR OF BENEVENTO - Galleria Bazzanti Firenze\",\"isPartOf\":{\"@id\":\"https:\/\/www.galleriabazzanti.it\/#website\"},\"datePublished\":\"2026-04-22T15:25:30+00:00\",\"dateModified\":\"2026-04-28T13:55:18+00:00\",\"description\":\"La porta di bronzo del Duomo di Benevento, un'altra meraviglia dell'arte scultorea e monumentale. Una fusione medievale meravigliosa\",\"breadcrumb\":{\"@id\":\"https:\/\/www.galleriabazzanti.it\/en\/la-porta-bronzea-di-benevento\/#breadcrumb\"},\"inLanguage\":\"en-US\",\"potentialAction\":[{\"@type\":\"ReadAction\",\"target\":[\"https:\/\/www.galleriabazzanti.it\/en\/la-porta-bronzea-di-benevento\/\"]}]},{\"@type\":\"BreadcrumbList\",\"@id\":\"https:\/\/www.galleriabazzanti.it\/en\/la-porta-bronzea-di-benevento\/#breadcrumb\",\"itemListElement\":[{\"@type\":\"ListItem\",\"position\":1,\"name\":\"Home\",\"item\":\"https:\/\/www.galleriabazzanti.it\/en\/\"},{\"@type\":\"ListItem\",\"position\":2,\"name\":\"THE BRONZE DOOR OF BENEVENTO\"}]},{\"@type\":\"WebSite\",\"@id\":\"https:\/\/www.galleriabazzanti.it\/#website\",\"url\":\"https:\/\/www.galleriabazzanti.it\/\",\"name\":\"Bazzanti Art Gallery Florence\",\"description\":\"Bronze and Marble Sculptures\",\"publisher\":{\"@id\":\"https:\/\/www.galleriabazzanti.it\/#organization\"},\"potentialAction\":[{\"@type\":\"SearchAction\",\"target\":{\"@type\":\"EntryPoint\",\"urlTemplate\":\"https:\/\/www.galleriabazzanti.it\/?s={search_term_string}\"},\"query-input\":\"required name=search_term_string\"}],\"inLanguage\":\"en-US\"},{\"@type\":\"Organization\",\"@id\":\"https:\/\/www.galleriabazzanti.it\/#organization\",\"name\":\"Galleria d'Arte Pietro Bazzanti & figlio\",\"url\":\"https:\/\/www.galleriabazzanti.it\/\",\"logo\":{\"@type\":\"ImageObject\",\"inLanguage\":\"en-US\",\"@id\":\"https:\/\/www.galleriabazzanti.it\/#\/schema\/logo\/image\/\",\"url\":\"https:\/\/www.galleriabazzanti.it\/wp-content\/uploads\/2014\/10\/LOGO_BAZZANTI1.png\",\"contentUrl\":\"https:\/\/www.galleriabazzanti.it\/wp-content\/uploads\/2014\/10\/LOGO_BAZZANTI1.png\",\"width\":500,\"height\":183,\"caption\":\"Galleria d'Arte Pietro Bazzanti & figlio\"},\"image\":{\"@id\":\"https:\/\/www.galleriabazzanti.it\/#\/schema\/logo\/image\/\"}},{\"@type\":\"Person\",\"@id\":\"https:\/\/www.galleriabazzanti.it\/#\/schema\/person\/f8cf52bd1ae440b71301bc79b6affd5d\",\"name\":\"galleriabazzanti\",\"image\":{\"@type\":\"ImageObject\",\"inLanguage\":\"en-US\",\"@id\":\"https:\/\/www.galleriabazzanti.it\/#\/schema\/person\/image\/\",\"url\":\"https:\/\/secure.gravatar.com\/avatar\/695a66eead3e30cc46a3457c5605721cfeb175f2f14ed90e2a2cade96709e95f?s=96&d=mm&r=g\",\"contentUrl\":\"https:\/\/secure.gravatar.com\/avatar\/695a66eead3e30cc46a3457c5605721cfeb175f2f14ed90e2a2cade96709e95f?s=96&d=mm&r=g\",\"caption\":\"galleriabazzanti\"},\"url\":\"https:\/\/www.galleriabazzanti.it\/en\/author\/galleriabazzanti\/\"}]}<\/script>\n<!-- \/ Yoast SEO plugin. -->","yoast_head_json":{"title":"THE BRONZE DOOR OF BENEVENTO - Galleria Bazzanti Firenze","description":"La porta di bronzo del Duomo di Benevento, un'altra meraviglia dell'arte scultorea e monumentale. Una fusione medievale meravigliosa","robots":{"index":"index","follow":"follow","max-snippet":"max-snippet:-1","max-image-preview":"max-image-preview:large","max-video-preview":"max-video-preview:-1"},"canonical":"https:\/\/www.galleriabazzanti.it\/en\/la-porta-bronzea-di-benevento\/","og_locale":"en_US","og_type":"article","og_title":"THE BRONZE DOOR OF BENEVENTO - Galleria Bazzanti Firenze","og_description":"La porta di bronzo del Duomo di Benevento, un'altra meraviglia dell'arte scultorea e monumentale. Una fusione medievale meravigliosa","og_url":"https:\/\/www.galleriabazzanti.it\/en\/la-porta-bronzea-di-benevento\/","og_site_name":"Bazzanti Art Gallery Florence","article_published_time":"2026-04-22T15:25:30+00:00","article_modified_time":"2026-04-28T13:55:18+00:00","og_image":[{"width":1140,"height":500,"url":"https:\/\/www.galleriabazzanti.it\/wp-content\/uploads\/2026\/04\/blog-porta-benevento-04.jpg","type":"image\/jpeg"}],"author":"galleriabazzanti","twitter_card":"summary_large_image","twitter_misc":{"Written by":"galleriabazzanti","Est. reading time":"4 minutes"},"schema":{"@context":"https:\/\/schema.org","@graph":[{"@type":"Article","@id":"https:\/\/www.galleriabazzanti.it\/en\/la-porta-bronzea-di-benevento\/#article","isPartOf":{"@id":"https:\/\/www.galleriabazzanti.it\/en\/la-porta-bronzea-di-benevento\/"},"author":{"name":"galleriabazzanti","@id":"https:\/\/www.galleriabazzanti.it\/#\/schema\/person\/f8cf52bd1ae440b71301bc79b6affd5d"},"headline":"THE BRONZE DOOR OF BENEVENTO","datePublished":"2026-04-22T15:25:30+00:00","dateModified":"2026-04-28T13:55:18+00:00","mainEntityOfPage":{"@id":"https:\/\/www.galleriabazzanti.it\/en\/la-porta-bronzea-di-benevento\/"},"wordCount":1026,"publisher":{"@id":"https:\/\/www.galleriabazzanti.it\/#organization"},"articleSection":["Senza categoria @en"],"inLanguage":"en-US"},{"@type":"WebPage","@id":"https:\/\/www.galleriabazzanti.it\/en\/la-porta-bronzea-di-benevento\/","url":"https:\/\/www.galleriabazzanti.it\/en\/la-porta-bronzea-di-benevento\/","name":"THE BRONZE DOOR OF BENEVENTO - Galleria Bazzanti Firenze","isPartOf":{"@id":"https:\/\/www.galleriabazzanti.it\/#website"},"datePublished":"2026-04-22T15:25:30+00:00","dateModified":"2026-04-28T13:55:18+00:00","description":"La porta di bronzo del Duomo di Benevento, un'altra meraviglia dell'arte scultorea e monumentale. Una fusione medievale meravigliosa","breadcrumb":{"@id":"https:\/\/www.galleriabazzanti.it\/en\/la-porta-bronzea-di-benevento\/#breadcrumb"},"inLanguage":"en-US","potentialAction":[{"@type":"ReadAction","target":["https:\/\/www.galleriabazzanti.it\/en\/la-porta-bronzea-di-benevento\/"]}]},{"@type":"BreadcrumbList","@id":"https:\/\/www.galleriabazzanti.it\/en\/la-porta-bronzea-di-benevento\/#breadcrumb","itemListElement":[{"@type":"ListItem","position":1,"name":"Home","item":"https:\/\/www.galleriabazzanti.it\/en\/"},{"@type":"ListItem","position":2,"name":"THE BRONZE DOOR OF BENEVENTO"}]},{"@type":"WebSite","@id":"https:\/\/www.galleriabazzanti.it\/#website","url":"https:\/\/www.galleriabazzanti.it\/","name":"Bazzanti Art Gallery Florence","description":"Bronze and Marble Sculptures","publisher":{"@id":"https:\/\/www.galleriabazzanti.it\/#organization"},"potentialAction":[{"@type":"SearchAction","target":{"@type":"EntryPoint","urlTemplate":"https:\/\/www.galleriabazzanti.it\/?s={search_term_string}"},"query-input":"required name=search_term_string"}],"inLanguage":"en-US"},{"@type":"Organization","@id":"https:\/\/www.galleriabazzanti.it\/#organization","name":"Galleria d'Arte Pietro Bazzanti & figlio","url":"https:\/\/www.galleriabazzanti.it\/","logo":{"@type":"ImageObject","inLanguage":"en-US","@id":"https:\/\/www.galleriabazzanti.it\/#\/schema\/logo\/image\/","url":"https:\/\/www.galleriabazzanti.it\/wp-content\/uploads\/2014\/10\/LOGO_BAZZANTI1.png","contentUrl":"https:\/\/www.galleriabazzanti.it\/wp-content\/uploads\/2014\/10\/LOGO_BAZZANTI1.png","width":500,"height":183,"caption":"Galleria d'Arte Pietro Bazzanti & figlio"},"image":{"@id":"https:\/\/www.galleriabazzanti.it\/#\/schema\/logo\/image\/"}},{"@type":"Person","@id":"https:\/\/www.galleriabazzanti.it\/#\/schema\/person\/f8cf52bd1ae440b71301bc79b6affd5d","name":"galleriabazzanti","image":{"@type":"ImageObject","inLanguage":"en-US","@id":"https:\/\/www.galleriabazzanti.it\/#\/schema\/person\/image\/","url":"https:\/\/secure.gravatar.com\/avatar\/695a66eead3e30cc46a3457c5605721cfeb175f2f14ed90e2a2cade96709e95f?s=96&d=mm&r=g","contentUrl":"https:\/\/secure.gravatar.com\/avatar\/695a66eead3e30cc46a3457c5605721cfeb175f2f14ed90e2a2cade96709e95f?s=96&d=mm&r=g","caption":"galleriabazzanti"},"url":"https:\/\/www.galleriabazzanti.it\/en\/author\/galleriabazzanti\/"}]}},"_links":{"self":[{"href":"https:\/\/www.galleriabazzanti.it\/en\/wp-json\/wp\/v2\/posts\/18457","targetHints":{"allow":["GET"]}}],"collection":[{"href":"https:\/\/www.galleriabazzanti.it\/en\/wp-json\/wp\/v2\/posts"}],"about":[{"href":"https:\/\/www.galleriabazzanti.it\/en\/wp-json\/wp\/v2\/types\/post"}],"author":[{"embeddable":true,"href":"https:\/\/www.galleriabazzanti.it\/en\/wp-json\/wp\/v2\/users\/1"}],"replies":[{"embeddable":true,"href":"https:\/\/www.galleriabazzanti.it\/en\/wp-json\/wp\/v2\/comments?post=18457"}],"version-history":[{"count":4,"href":"https:\/\/www.galleriabazzanti.it\/en\/wp-json\/wp\/v2\/posts\/18457\/revisions"}],"predecessor-version":[{"id":18458,"href":"https:\/\/www.galleriabazzanti.it\/en\/wp-json\/wp\/v2\/posts\/18457\/revisions\/18458"}],"wp:featuredmedia":[{"embeddable":true,"href":"https:\/\/www.galleriabazzanti.it\/en\/wp-json\/wp\/v2\/media\/18376"}],"wp:attachment":[{"href":"https:\/\/www.galleriabazzanti.it\/en\/wp-json\/wp\/v2\/media?parent=18457"}],"wp:term":[{"taxonomy":"category","embeddable":true,"href":"https:\/\/www.galleriabazzanti.it\/en\/wp-json\/wp\/v2\/categories?post=18457"},{"taxonomy":"post_tag","embeddable":true,"href":"https:\/\/www.galleriabazzanti.it\/en\/wp-json\/wp\/v2\/tags?post=18457"}],"curies":[{"name":"wp","href":"https:\/\/api.w.org\/{rel}","templated":true}]}}